{"id":742,"date":"2021-08-03T09:19:39","date_gmt":"2021-08-03T07:19:39","guid":{"rendered":"https:\/\/locationvinaros.es\/?p=742"},"modified":"2021-08-09T17:52:05","modified_gmt":"2021-08-09T15:52:05","slug":"carnaval-de-vinaros","status":"publish","type":"post","link":"https:\/\/locationvinaros.es\/fr\/carnaval-de-vinaros\/","title":{"rendered":"Le Carnaval de Vinaros"},"content":{"rendered":"\t\t<div data-elementor-type=\"wp-post\" data-elementor-id=\"742\" class=\"elementor elementor-742\" data-elementor-post-type=\"post\">\n\t\t\t\t\t\t<section class=\"elementor-section elementor-top-section elementor-element elementor-element-2ba73727 elementor-section-boxed elementor-section-height-default elementor-section-height-default\" data-id=\"2ba73727\" data-element_type=\"section\" data-e-type=\"section\">\n\t\t\t\t\t\t<div class=\"elementor-container elementor-column-gap-default\">\n\t\t\t\t\t<div class=\"elementor-column elementor-col-100 elementor-top-column elementor-element elementor-element-3656bd2f\" data-id=\"3656bd2f\" data-element_type=\"column\" data-e-type=\"column\">\n\t\t\t<div class=\"elementor-widget-wrap elementor-element-populated\">\n\t\t\t\t\t\t<div class=\"elementor-element elementor-element-4f25746 elementor-widget elementor-widget-text-editor\" data-id=\"4f25746\" data-element_type=\"widget\" data-e-type=\"widget\" data-widget_type=\"text-editor.default\">\n\t\t\t\t<div class=\"elementor-widget-container\">\n\t\t\t\t\t\t\t\t\t\n<p>Les activit\u00e9s dans la r\u00e9gion de Vinaros sont nombreuses mais le carnaval est un \u00e9v\u00e9nement \u00e0 ne pas rater. Vous allez vite comprendre pourquoi !<\/p>\n\n\n\n<p><strong>Le carnaval en Espagne<\/strong><\/p>\n\n\n\n<p>La p\u00e9riode du Carnaval est un moment important en Espagne. La p\u00e9riode du Carnaval a lieu chaque mois de f\u00e9vrier dans la p\u00e9nnisule Ib\u00e9rique. C\u2019est une folle semaine pleine de festivit\u00e9s. Et ses origines sont anciennes&nbsp;: elles remontent en fait \u00e0 d\u2019anciennes f\u00eates qui honoraient l\u2019hiver sous les Romains et les Grecs.<\/p>\n\n\n\n<p>Le Carnaval est festif et participatif&nbsp;: il se f\u00eate dans les rues et pr\u00e9c\u00e8de en fait les 40 jours de Car\u00eame. Sachez que les f\u00eates du Carnaval s\u2019organisent dans toute la p\u00e9ninsule. Ainsi, les plus r\u00e9put\u00e9es se d\u00e9roulent par exemple \u00e0 Sitges (au nord de Barcelone), Cadix (sud de l\u2019Espagne). On peut aussi citer celui dans l\u2019\u00eele de Tenerife (Canaries) mais aussi comme vous allez le voir \u00e0 Vinaros &#8230;<\/p>\n\n\n\n<p>Une fois la semaine du Carnaval termin\u00e9e, les Espagnols f\u00eatent l\u2019enterrement de la sardine c\u2019est ce que l\u2019on appelle \u00ab el entierro de la sardina \u00bb. Ce dernier d\u00e9fil\u00e9, qui est une parodie d\u2019un cort\u00e8ge fun\u00e8bre, se termine par la destruction par le feu d\u2019une figure symbolique \u00ab une sardine \u00bb ou toute autre repr\u00e9sentation, le mercredi des Cendres. C\u2019est donc comme si l\u2019on enterrait le pass\u00e9 pour faire place au printemps et au renouveau.<\/p>\n\n\n\n<p><strong>Le carnaval de Vinaros<\/strong><\/p>\n\n\n\n<p>La f\u00eate du carnaval de Vinaros est c\u00e9l\u00e9br\u00e9e chaque ann\u00e9e avant la f\u00eate du Car\u00eame et dure pendant dix jours. C\u2019est l\u2019une des p\u00e9riodes les plus festives de l\u2019ann\u00e9e qui se d\u00e9roule \u00e0 partir de mi-f\u00e9vrier. Vous ne devriez la rater sous aucun pr\u00e9texte.<\/p>\n\n\n\n<p>Plus de 30 groupes y participent chaque ann\u00e9e, ce qui lui donne une ambiance exceptionnelle&nbsp;! Et les participants ne sont pas en reste pour mettre l\u2019ambiance&nbsp;!<\/p>\n\n\n\n<p>Le Carnaval de Vinaros est d\u00e9clar\u00e9 f\u00eate d\u2019int\u00e9r\u00eat touristique r\u00e9gional depuis 2007&nbsp;: pour la r\u00e9gion de Valence et la province de Castellon, c\u2019est un \u00e9v\u00e9nement qui compte. Car le carnaval attire depuis des ann\u00e9es des milliers de touristes qui veulent aussi participer \u00e0 cet \u00e9v\u00e9nement exceptionnel. C&rsquo;est une f\u00eate exceptionnelle qui regorge de bonne humeur, de couleurs et de joie !<\/p>\n\n\n\n<p>Il est aussi class\u00e9 en tant que f\u00eate d\u2019int\u00e9r\u00eat touristique au niveau national, c\u2019est dire l\u2019importance qu\u2019il rev\u00eat pour le pays&nbsp;!<\/p>\n\n\n\n<p>Le carnaval de Vinaros se d\u00e9roule sur la promenade Fora Forat pr\u00e9cis\u00e9ment au Passeig de Fora del Forat \u00e0 Vinaros.<\/p>\n\n\n\n<p><\/p>\n\n\n\n<div class=\"wp-block-image\"><figure class=\"aligncenter size-full\"><img fetchpriority=\"high\" decoding=\"async\" width=\"474\" height=\"355\" src=\"https:\/\/locationvinaros.es\/wp-content\/uploads\/2021\/07\/carnaval.jpg\" alt=\"\" class=\"wp-image-744\" srcset=\"https:\/\/locationvinaros.es\/wp-content\/uploads\/2021\/07\/carnaval.jpg 474w, https:\/\/locationvinaros.es\/wp-content\/uploads\/2021\/07\/carnaval-300x225.jpg 300w\" sizes=\"(max-width: 474px) 100vw, 474px\" \/><figcaption>De magnifiques costumes<\/figcaption><\/figure><\/div>\n\n\n\n<p>En 2022, l\u2019\u00e9v\u00e9nement aura lieu du 12 au 28 f\u00e9vrier.<\/p>\n\n\n\n<p><strong>Un \u00e9v\u00e9nement original<\/strong><\/p>\n\n\n\n<p>C\u2019est un carnaval pas comme les autres pour pas mal de raisons. Tout d\u2019abord, sachez qu\u2019il y a plein de jours sp\u00e9ciaux pendant ce carnaval : le samedi et le dimanche, on a des d\u00e9fil\u00e9s \u00e0 ne pas rater.<\/p>\n\n\n\n<p>Et d\u00e9couvrez la bataille de farine et la soir\u00e9e pyjama, o\u00f9 tous les spectateurs doivent venir en pyjama. C\u2019est quelque chose \u00e0 voir une fois dans sa vie&nbsp;!<\/p>\n\n\n\n<p>Voici le programme type du carnaval de Vinaros&nbsp;:<\/p>\n\n\n\n<p><strong>Vendredi&nbsp;:<\/strong><\/p>\n\n\n\n<ul class=\"wp-block-list\"><li>Soir\u00e9e d\u2019ouverture du carnaval<\/li><li>Arriv\u00e9e de sa majest\u00e9 Carnestoltes<\/li><li>Ouverture des tentes et de la zone d\u00e9di\u00e9e au carnaval sur la promenade Fora Forat<\/li><li>Arriv\u00e9e des reines et de leurs superbes costumes<br><br><\/li><\/ul>\n\n\n\n<p><strong>Samedi<\/strong><\/p>\n\n\n\n<ul class=\"wp-block-list\"><li>Gala des reines&nbsp;: vous pourrez voir les beaux costumes et les belles robes des filles qui participent au concours cette ann\u00e9e.<\/li><\/ul>\n\n\n\n<p><strong>Dimanche<\/strong><\/p>\n\n\n\n<ul class=\"wp-block-list\"><li>Bataille de farine, tr\u00e8s appr\u00e9ci\u00e9e des enfants et des jeunes<\/li><li>Concours de d\u00e9guisement pour chiens<br><br><\/li><\/ul>\n\n\n\n<p><strong>Lundi<\/strong><\/p>\n\n\n\n<ul class=\"wp-block-list\"><li>D\u00eener des personnes \u00e2g\u00e9es<br><br><\/li><\/ul>\n\n\n\n<p><strong>Mardi<\/strong><\/p>\n\n\n\n<ul class=\"wp-block-list\"><li>Concours de karaok\u00e9 entre groupes (comparsas)<\/li><\/ul>\n\n\n\n<p><strong><br>Mercredi<\/strong><\/p>\n\n\n\n<ul class=\"wp-block-list\"><li>Bataille de confettis, une autre super soir\u00e9e pour les familles<\/li><li>Soir\u00e9e \u00e0 th\u00e8me, selon le th\u00e8me du carnaval d\u00e9fini pour l\u2019ann\u00e9e<\/li><\/ul>\n\n\n\n<p><strong>Jeudi<\/strong><\/p>\n\n\n\n<ul class=\"wp-block-list\"><li>Pyjama party&nbsp;; tout le monde pr\u00e9sent sur le carnaval est en pyjama<br><br><\/li><\/ul>\n\n\n\n<p><strong>Vendredi<\/strong><\/p>\n\n\n\n<ul class=\"wp-block-list\"><li>Crazy night (Noche local)&nbsp;: tout le monde arrive dans la zone d\u00e9di\u00e9e du carnaval<\/li><\/ul>\n\n\n\n<p><strong>Samedi et dimanche (dernier weekend du carnaval)<\/strong><\/p>\n\n\n\n<ul class=\"wp-block-list\"><li>Principaux d\u00e9fil\u00e9s du carnaval de Vinaros&nbsp;: samedi \u00e0 19h et dimanche \u00e0 18H<\/li><\/ul>\n\n\n\n<p><strong>Lundi (dernier jour du carnaval de Vinaros)<\/strong><\/p>\n\n\n\n<ul class=\"wp-block-list\"><li>Nuit de deuil<\/li><li>Enterrement de la sardine et des Carnestoltes<\/li><li>Feux d\u2019artifices<\/li><\/ul>\n\n\n\n<div class=\"wp-block-image\"><figure class=\"aligncenter size-full\"><img decoding=\"async\" width=\"507\" height=\"380\" src=\"https:\/\/locationvinaros.es\/wp-content\/uploads\/2021\/07\/carnaval-vinaroz-fiestasespana.jpg\" alt=\"\" class=\"wp-image-743\" srcset=\"https:\/\/locationvinaros.es\/wp-content\/uploads\/2021\/07\/carnaval-vinaroz-fiestasespana.jpg 507w, https:\/\/locationvinaros.es\/wp-content\/uploads\/2021\/07\/carnaval-vinaroz-fiestasespana-300x225.jpg 300w\" sizes=\"(max-width: 507px) 100vw, 507px\" \/><figcaption>Beaut\u00e9s de Vinaros<\/figcaption><\/figure><\/div>\n\n\n\n<p><strong>Connaissez-vous le personnage de Carnestoltes&nbsp;?<\/strong><\/p>\n\n\n\n<p>Don Carnal (Carnestoltes) est un dr\u00f4le de personnage qui vient chaque ann\u00e9e \u00e0 Vinaros&nbsp;: son seul but est d\u2019inciter les habitants de la ville \u00e0 r\u00e9aliser des p\u00e9ch\u00e9s et que cela devienne incontr\u00f4lable pendant les festivit\u00e9s du carnaval.<\/p>\n\n\n\n<p>Le carnaval de Vinaros est consid\u00e9r\u00e9 comme l\u2019un des carnavals les plus c\u00e9l\u00e8bres de la c\u00f4te m\u00e9diterran\u00e9enne en Espagne. C\u2019est aussi un excellent moyen de vivre une f\u00eate locale espagnole et de comprendre le mode de vie \u00e0 la mani\u00e8re espagnole.<\/p>\n\n\n\n<p>Quand on vous disait que le carnaval de Vinaros \u00e9tait un \u00e9v\u00e9nement \u00e0 ne pas rater&nbsp;!<\/p>\n\n\n\n<p><strong>Carnaval d\u2019\u00e9t\u00e9<\/strong><\/p>\n\n\n\n<p>Sachez qu\u2019au mois d\u2019ao\u00fbt, il y a un autre \u00e9v\u00e9nement \u00e0 ne pas rater \u00e0 Vinaros&nbsp;! Il s\u2019agit d\u2019un carnaval d\u2019\u00e9t\u00e9 qui donne un avant-go\u00fbt du grand festival de f\u00e9vrier. Le principe est de faire d\u00e9couvrir aux touristes l\u2019esprit du carnaval de Vinaros. Avec la pr\u00e9sentation des beaux costumes, c\u2019est le moyen de donner envie de venir au carnaval de Vinaros pour le vivre pleinement en hiver.<\/p>\n\n\n\n<p>Retrouvez plus d\u2019informations sur le site officiel du <a href=\"https:\/\/www.carnavaldevinaros.es\/\" target=\"_blank\" rel=\"noopener\">carnaval de Vinaros<\/a>&nbsp;!<\/p>\n\t\t\t\t\t\t\t\t<\/div>\n\t\t\t\t<\/div>\n\t\t\t\t\t<\/div>\n\t\t<\/div>\n\t\t\t\t\t<\/div>\n\t\t<\/section>\n\t\t\t\t<\/div>\n\t\t","protected":false},"excerpt":{"rendered":"<p>Les activit\u00e9s dans la r\u00e9gion de Vinaros sont nombreuses mais le carnaval est un \u00e9v\u00e9nement \u00e0 ne pas rater. Vous allez vite comprendre pourquoi ! Le carnaval en Espagne La p\u00e9riode du Carnaval est un moment important en Espagne. La p\u00e9riode du Carnaval a lieu chaque mois de f\u00e9vrier dans la p\u00e9nnisule Ib\u00e9rique. C\u2019est une [&hellip;]<\/p>\n","protected":false},"author":1,"featured_media":743,"comment_status":"open","ping_status":"open","sticky":false,"template":"","format":"standard","meta":{"footnotes":""},"categories":[10],"tags":[],"class_list":["post-742","post","type-post","status-publish","format-standard","has-post-thumbnail","hentry","category-choses-a-faire"],"_links":{"self":[{"href":"https:\/\/locationvinaros.es\/fr\/wp-json\/wp\/v2\/posts\/742","targetHints":{"allow":["GET"]}}],"collection":[{"href":"https:\/\/locationvinaros.es\/fr\/wp-json\/wp\/v2\/posts"}],"about":[{"href":"https:\/\/locationvinaros.es\/fr\/wp-json\/wp\/v2\/types\/post"}],"author":[{"embeddable":true,"href":"https:\/\/locationvinaros.es\/fr\/wp-json\/wp\/v2\/users\/1"}],"replies":[{"embeddable":true,"href":"https:\/\/locationvinaros.es\/fr\/wp-json\/wp\/v2\/comments?post=742"}],"version-history":[{"count":5,"href":"https:\/\/locationvinaros.es\/fr\/wp-json\/wp\/v2\/posts\/742\/revisions"}],"predecessor-version":[{"id":761,"href":"https:\/\/locationvinaros.es\/fr\/wp-json\/wp\/v2\/posts\/742\/revisions\/761"}],"wp:featuredmedia":[{"embeddable":true,"href":"https:\/\/locationvinaros.es\/fr\/wp-json\/wp\/v2\/media\/743"}],"wp:attachment":[{"href":"https:\/\/locationvinaros.es\/fr\/wp-json\/wp\/v2\/media?parent=742"}],"wp:term":[{"taxonomy":"category","embeddable":true,"href":"https:\/\/locationvinaros.es\/fr\/wp-json\/wp\/v2\/categories?post=742"},{"taxonomy":"post_tag","embeddable":true,"href":"https:\/\/locationvinaros.es\/fr\/wp-json\/wp\/v2\/tags?post=742"}],"curies":[{"name":"wp","href":"https:\/\/api.w.org\/{rel}","templated":true}]}}